{"id":264916,"date":"2026-01-23T14:47:18","date_gmt":"2026-01-23T14:47:18","guid":{"rendered":"https:\/\/kublakanutdanning.no\/?p=264916"},"modified":"2026-02-09T15:38:27","modified_gmt":"2026-02-09T15:38:27","slug":"matematikk-for-ungdomsskolen","status":"publish","type":"post","link":"https:\/\/kublakanutdanning.no\/en\/matematikk-for-ungdomsskolen\/","title":{"rendered":"Matematikk for ungdomsskolen"},"content":{"rendered":"<p>[et_pb_section fb_built=&raquo;1&#8243; _builder_version=&raquo;4.27.4&#8243; _module_preset=&raquo;default&raquo; custom_padding=&raquo;0px|||||&raquo; da_disable_devices=&raquo;off|off|off&raquo; global_colors_info=&raquo;{}&raquo; da_is_popup=&raquo;off&raquo; da_exit_intent=&raquo;off&raquo; da_has_close=&raquo;on&raquo; da_alt_close=&raquo;off&raquo; da_dark_close=&raquo;off&raquo; da_not_modal=&raquo;on&raquo; da_is_singular=&raquo;off&raquo; da_with_loader=&raquo;off&raquo; da_has_shadow=&raquo;on&raquo;][et_pb_row column_structure=&raquo;1_2,1_2&#8243; _builder_version=&raquo;4.27.4&#8243; _module_preset=&raquo;default&raquo; global_colors_info=&raquo;{}&raquo;][et_pb_column type=&raquo;1_2&#8243; _builder_version=&raquo;4.27.4&#8243; _module_preset=&raquo;default&raquo; global_colors_info=&raquo;{}&raquo;][et_pb_text _builder_version=&raquo;4.27.4&#8243; _module_preset=&raquo;default&raquo; global_colors_info=&raquo;{}&raquo;]<\/p>\n<h1>Matematikk for ungdomsskolen<\/h1>\n<p>[\/et_pb_text][et_pb_text _builder_version=&raquo;4.27.5&#8243; _module_preset=&raquo;default&raquo; text_line_height=&raquo;1.9em&raquo; custom_padding=&raquo;||19px|||&raquo; global_colors_info=&raquo;{}&raquo;]<\/p>\n<p>Matematikk er et fag mange elever p\u00e5 ungdomsskolen synes er vanskelig. Andre har motsatt problem: De blir raskt ferdige med oppgavene de f\u00e5r p\u00e5 skolen og vil ha mer \u00e5 strekke seg etter.<\/p>\n<p>Fra h\u00f8sten 2026 tilbyr KublaKan et komplett opplegg i matematikk for ungdomsskolen. Her f\u00e5r dere <strong>grundige steg-for-steg-videoleksjoner<\/strong>\u00a0og<strong> individuell oppf\u00f8lging<\/strong> av matematikkl\u00e6rer Lars L\u00f8vstad. Lars er ekspert p\u00e5 \u00e5 forklare matte for elever som synes faget er vanskelig, samtidig som han har undervist matte p\u00e5 vgs-niv\u00e5 i mange \u00e5r og vet hva elevene vil trenge n\u00e5r de kommer p\u00e5 videreg\u00e5ende.<\/p>\n<p>[\/et_pb_text][\/et_pb_column][et_pb_column type=&raquo;1_2&#8243; _builder_version=&raquo;4.27.4&#8243; _module_preset=&raquo;default&raquo; global_colors_info=&raquo;{}&raquo;][et_pb_video src=&raquo;https:\/\/vimeo.com\/1163300156\/852c4f4cb0?share=copy&#038;fl=sv&#038;fe=ci&raquo; _builder_version=&raquo;4.27.5&#8243; _module_preset=&raquo;default&raquo; border_radii=&raquo;on|8px|8px|8px|8px&raquo; hover_enabled=&raquo;0&#8243; sticky_enabled=&raquo;0&#8243;][\/et_pb_video][\/et_pb_column][\/et_pb_row][et_pb_row column_structure=&raquo;2_3,1_3&#8243; _builder_version=&raquo;4.27.4&#8243; _module_preset=&raquo;default&raquo; custom_padding=&raquo;2px|||||&raquo; global_colors_info=&raquo;{}&raquo;][et_pb_column type=&raquo;2_3&#8243; _builder_version=&raquo;4.27.4&#8243; _module_preset=&raquo;default&raquo; global_colors_info=&raquo;{}&raquo;][et_pb_text _builder_version=&raquo;4.27.5&#8243; _module_preset=&raquo;default&raquo; text_line_height=&raquo;1.9em&raquo; custom_padding=&raquo;||19px|||&raquo; global_colors_info=&raquo;{}&raquo;]<\/p>\n<p>V\u00e5rt m\u00e5l er \u00e5 hjelpe elever som synes matte er vanskelig med \u00e5 ta grep tidlig, slik at de kan nok matematikk og f\u00f8ler b\u00e5de motivasjon og mestringsf\u00f8lelse n\u00e5r de begynner p\u00e5 vgs. I tillegg vil vi hjelpe dem som trenger ekstra utfordringer og vil se hvor gode det er mulig \u00e5 bli i l\u00f8pet av \u00e5ret.<\/p>\n<p>[\/et_pb_text][\/et_pb_column][et_pb_column type=&raquo;1_3&#8243; _builder_version=&raquo;4.27.4&#8243; _module_preset=&raquo;default&raquo; global_colors_info=&raquo;{}&raquo;][et_pb_button button_url=&raquo;#kontakt-lars-og-asbj-rn&raquo; button_text=&raquo;Kontakt oss&raquo; button_alignment=&raquo;right&raquo; _builder_version=&raquo;4.27.5&#8243; _module_preset=&raquo;default&raquo; custom_button=&raquo;on&raquo; button_text_size=&raquo;20px&raquo; button_text_color=&raquo;#FFFFFF&raquo; button_bg_color=&raquo;#0C71C3&#8243; button_border_width=&raquo;0px&raquo; button_border_radius=&raquo;8px&raquo; custom_margin=&raquo;21px|||||&raquo; global_colors_info=&raquo;{}&raquo;][\/et_pb_button][\/et_pb_column][\/et_pb_row][et_pb_row column_structure=&raquo;1_2,1_2&#8243; _builder_version=&raquo;4.27.4&#8243; _module_preset=&raquo;default&raquo; global_colors_info=&raquo;{}&raquo;][et_pb_column type=&raquo;1_2&#8243; _builder_version=&raquo;4.27.4&#8243; _module_preset=&raquo;default&raquo; background_color=&raquo;gcid-fd07b771-4509-4491-9e43-7eaecfb9fc18&#8243; border_radii=&raquo;on|8px|8px|8px|8px&raquo; border_width_all=&raquo;2px&raquo; global_colors_info=&raquo;{%22gcid-fd07b771-4509-4491-9e43-7eaecfb9fc18%22:%91%22background_color%22%93}&raquo;][et_pb_text _builder_version=&raquo;4.27.5&#8243; _module_preset=&raquo;default&raquo; ul_line_height=&raquo;1.9em&raquo; header_3_font_size=&raquo;20px&raquo; custom_padding=&raquo;20px|20px|20px|20px|false|false&raquo; global_colors_info=&raquo;{}&raquo;]<\/p>\n<h3><strong>Dette f\u00e5r eleven<\/strong><\/h3>\n<p><strong><\/strong><\/p>\n<p><strong><\/strong><\/p>\n<ul>\n<li>Hele ungdomsskolepensum i matematikk p\u00e5 video<\/li>\n<li>Forklaringer som passer b\u00e5de for \u00e5 tette hull og for ekstra utfordringer<\/li>\n<li>Individuell oppf\u00f8lging av matematikkl\u00e6rer ved behov<\/li>\n<li>Video og oppgaver p\u00e5 vgs-niv\u00e5 for de som \u00f8nsker det<\/li>\n<\/ul>\n<p>[\/et_pb_text][\/et_pb_column][et_pb_column type=&raquo;1_2&#8243; _builder_version=&raquo;4.27.4&#8243; _module_preset=&raquo;default&raquo; background_color=&raquo;gcid-fd07b771-4509-4491-9e43-7eaecfb9fc18&#8243; border_radii=&raquo;on|8px|8px|8px|8px&raquo; border_width_all=&raquo;2px&raquo; global_colors_info=&raquo;{%22gcid-fd07b771-4509-4491-9e43-7eaecfb9fc18%22:%91%22background_color%22%93}&raquo;][et_pb_text _builder_version=&raquo;4.27.5&#8243; _module_preset=&raquo;default&raquo; ul_line_height=&raquo;1.9em&raquo; header_3_font_size=&raquo;20px&raquo; custom_padding=&raquo;20px|20px|20px|20px|false|false&raquo; global_colors_info=&raquo;{}&raquo;]<\/p>\n<h3><strong>Dette f\u00e5r foreldrene<\/strong><\/h3>\n<p><strong><\/strong><\/p>\n<p><strong><\/strong><\/p>\n<ul>\n<li>Trygghet for riktig hjelp: st\u00f8tte ved behov og ekstra utfordringer n\u00e5r det g\u00e5r lett<\/li>\n<li>Bedre forberedelse til skolehverdagen, med mindre behov for leksehjelp hjemme<\/li>\n<\/ul>\n<p>[\/et_pb_text][\/et_pb_column][\/et_pb_row][et_pb_row column_structure=&raquo;1_2,1_2&#8243; _builder_version=&raquo;4.27.5&#8243; _module_preset=&raquo;default&raquo; global_colors_info=&raquo;{}&raquo;][et_pb_column type=&raquo;1_2&#8243; _builder_version=&raquo;4.27.5&#8243; _module_preset=&raquo;default&raquo; background_color=&raquo;gcid-2cf889f7-a9ea-41c9-bfd9-e3ebfa9b7524&#8243; border_radii=&raquo;on|8px|8px|8px|8px&raquo; border_width_all=&raquo;2px&raquo; global_colors_info=&raquo;{%22gcid-2cf889f7-a9ea-41c9-bfd9-e3ebfa9b7524%22:%91%22background_color%22%93}&raquo;][et_pb_text _builder_version=&raquo;4.27.5&#8243; _module_preset=&raquo;default&raquo; text_line_height=&raquo;1.9em&raquo; ul_line_height=&raquo;1.9em&raquo; header_3_font_size=&raquo;20px&raquo; custom_padding=&raquo;20px|20px|20px|20px|false|false&raquo; global_colors_info=&raquo;{}&raquo;]<\/p>\n<h3><strong>Priser<\/strong><\/h3>\n<p><strong><\/strong>Mange mentorordninger blir fort sv\u00e6rt dyre fordi man kj\u00f8per enkelttimer. Hos oss betaler man en fast sum for et komplett opplegg:<\/p>\n<p><strong><\/strong><\/p>\n<ul>\n<li>Et halvt skole\u00e5r: 6490 kroner<\/li>\n<li>Et helt skole\u00e5r: 8990 kroner<\/li>\n<\/ul>\n<p>[\/et_pb_text][\/et_pb_column][et_pb_column type=&raquo;1_2&#8243; _builder_version=&raquo;4.27.5&#8243; _module_preset=&raquo;default&raquo; global_colors_info=&raquo;{}&raquo;][\/et_pb_column][\/et_pb_row][et_pb_row _builder_version=&raquo;4.27.4&#8243; _module_preset=&raquo;default&raquo; global_colors_info=&raquo;{}&raquo;][et_pb_column type=&raquo;4_4&#8243; _builder_version=&raquo;4.27.4&#8243; _module_preset=&raquo;default&raquo; global_colors_info=&raquo;{}&raquo;][\/et_pb_column][\/et_pb_row][et_pb_row column_structure=&raquo;3_4,1_4&#8243; _builder_version=&raquo;4.27.5&#8243; _module_preset=&raquo;default&raquo; background_color=&raquo;RGBA(255,255,255,0)&raquo; custom_padding=&raquo;0px|0px|0px|0px|false|false&raquo; border_radii=&raquo;on|8px|8px|8px|8px&raquo; global_colors_info=&raquo;{}&raquo;][et_pb_column type=&raquo;3_4&#8243; _builder_version=&raquo;4.27.5&#8243; _module_preset=&raquo;default&raquo; background_color=&raquo;RGBA(255,255,255,0)&raquo; custom_padding=&raquo;24px|50px|37px|24px|false|false&raquo; border_radii=&raquo;on|8px|8px|8px|8px&raquo; global_colors_info=&raquo;{}&raquo;][et_pb_text _builder_version=&raquo;4.27.4&#8243; _module_preset=&raquo;default&raquo; global_colors_info=&raquo;{}&raquo;]<\/p>\n<h2>Slik fungerer opplegget<\/h2>\n<p>[\/et_pb_text][et_pb_text _builder_version=&raquo;4.27.4&#8243; _module_preset=&raquo;default&raquo; text_line_height=&raquo;1.9em&raquo; global_colors_info=&raquo;{}&raquo;]<\/p>\n<p><strong>1) Videoer som dekker hele pensum<\/strong><\/p>\n<p>Eleven f\u00e5r tilgang til videoleksjoner som g\u00e5r gjennom temaene p\u00e5 en rolig og forst\u00e5elig m\u00e5te. Innholdet er laget for \u00e5 kunne ses flere ganger og brukes aktivt sammen med oppgaver.<\/p>\n<p>[\/et_pb_text][et_pb_text _builder_version=&raquo;4.27.4&#8243; _module_preset=&raquo;default&raquo; text_line_height=&raquo;1.9em&raquo; global_colors_info=&raquo;{}&raquo;]<\/p>\n<p><strong>2) Oppgavevideoer som gj\u00f8r at eleven l\u00e6rer \u2013 ikke bare ser<\/strong><\/p>\n<p>Matematikk l\u00e6res gjennom \u00e5 gj\u00f8re. Opplegget legger opp til at eleven jobber med relevante oppgaver knyttet til hver videoleksjon. I oppgavevideoene gir l\u00e6reren oppgaver, og ber eleven sette videoen p\u00e5 pause og regne selv. N\u00e5r man er klar trykker man p\u00e5 play igjen. Da kan man se l\u00e6rerens utregning og l\u00f8sning steg for steg, og avdekke ting man ikke har forst\u00e5tt.<\/p>\n<p>[\/et_pb_text][et_pb_text _builder_version=&raquo;4.27.4&#8243; _module_preset=&raquo;default&raquo; text_line_height=&raquo;1.9em&raquo; global_colors_info=&raquo;{}&raquo;]<\/p>\n<p><strong>3) Individuell oppf\u00f8lging n\u00e5r det trengs<\/strong><\/p>\n<p>N\u00e5r eleven st\u00e5r fast, er det bare \u00e5 kontakte l\u00e6reren for \u00e5 f\u00e5 hjelp. M\u00e5let er \u00e5 avklare misforst\u00e5elser tidlig, bygge gode arbeidsvaner og sikre progresjon \u2013 uansett niv\u00e5 ved start.<\/p>\n<p>[\/et_pb_text][\/et_pb_column][et_pb_column type=&raquo;1_4&#8243; _builder_version=&raquo;4.27.4&#8243; _module_preset=&raquo;default&raquo; global_colors_info=&raquo;{}&raquo;][\/et_pb_column][\/et_pb_row][et_pb_row _builder_version=&raquo;4.27.4&#8243; _module_preset=&raquo;default&raquo; custom_padding=&raquo;54px||3px|||&raquo; global_colors_info=&raquo;{}&raquo;][et_pb_column type=&raquo;4_4&#8243; _builder_version=&raquo;4.27.4&#8243; _module_preset=&raquo;default&raquo; global_colors_info=&raquo;{}&raquo;][et_pb_text _builder_version=&raquo;4.27.5&#8243; _module_preset=&raquo;default&raquo; global_colors_info=&raquo;{}&raquo;]<\/p>\n<h2><strong>Hvem passer det for?<\/strong><\/h2>\n<p>[\/et_pb_text][et_pb_text _builder_version=&raquo;4.27.5&#8243; _module_preset=&raquo;default&raquo; text_line_height=&raquo;1.9em&raquo; ul_font_size=&raquo;17px&raquo; ul_line_height=&raquo;1.9em&raquo; global_colors_info=&raquo;{}&raquo;]<\/p>\n<p><strong>Opplegget passer for elever som:<\/strong><\/p>\n<ul>\n<li>trenger \u00e5 tette hull fra tidligere \u00e5r<\/li>\n<li>vil bli tryggere f\u00f8r pr\u00f8ver og eksamen<\/li>\n<li>vil ha bedre karakter i matematikk<\/li>\n<li><span style=\"font-size: 17px;\">vil har mer utfordring enn det de f\u00e5r i klassen til vanlig<\/span><\/li>\n<\/ul>\n<p>[\/et_pb_text][et_pb_text _builder_version=&raquo;4.27.5&#8243; _module_preset=&raquo;default&raquo; text_line_height=&raquo;1.9em&raquo; ul_font_size=&raquo;17px&raquo; ul_line_height=&raquo;1.9em&raquo; custom_margin=&raquo;-23px|||||&raquo; global_colors_info=&raquo;{}&raquo;]<\/p>\n<p><strong>Opplegget passer ogs\u00e5 for foreldre som:<\/strong><\/p>\n<ul>\n<li>\u00f8nsker en konkret plan og en profesjonell st\u00f8ttespiller<\/li>\n<li>\u00f8nsker at barnet b\u00e5de kan hente seg inn og utfordres videre ved behov<\/li>\n<li>vil ha et opplegg som gj\u00f8r det enklere \u00e5 holde motivasjonen og innsatsen jevn over tid<\/li>\n<\/ul>\n<p>[\/et_pb_text][\/et_pb_column][\/et_pb_row][et_pb_row column_structure=&raquo;3_5,2_5&#8243; _builder_version=&raquo;4.27.4&#8243; _module_preset=&raquo;default&raquo; custom_padding=&raquo;54px|||||&raquo; global_colors_info=&raquo;{}&raquo;][et_pb_column type=&raquo;3_5&#8243; _builder_version=&raquo;4.27.4&#8243; _module_preset=&raquo;default&raquo; global_colors_info=&raquo;{}&raquo;][et_pb_text _builder_version=&raquo;4.27.4&#8243; _module_preset=&raquo;default&raquo; header_2_line_height=&raquo;1.4em&raquo; global_colors_info=&raquo;{}&raquo;]<\/p>\n<h2><strong>Hva elever typisk trenger hjelp med i matematikk p\u00e5 ungdomsskolen<\/strong><\/h2>\n<p>[\/et_pb_text][et_pb_text _builder_version=&raquo;4.27.4&#8243; _module_preset=&raquo;default&raquo; text_line_height=&raquo;1.9em&raquo; global_colors_info=&raquo;{}&raquo;]<\/p>\n<p>Mange elever m\u00f8ter utfordringer i omr\u00e5der som:<\/p>\n<ul>\n<li>algebra og ligninger<\/li>\n<li>funksjoner og grafer<\/li>\n<li>geometri og m\u00e5ling<\/li>\n<li>prosent, br\u00f8k og tallforst\u00e5else<\/li>\n<li>probleml\u00f8sning og tekstoppgaver<\/li>\n<\/ul>\n<p>Kurset er laget for \u00e5 gj\u00f8re slike temaer konkrete og h\u00e5ndterbare, med forklaringer som tar utgangspunkt i niv\u00e5et eleven er p\u00e5 \u2013 og l\u00f8fter det videre.<\/p>\n<p>[\/et_pb_text][\/et_pb_column][et_pb_column type=&raquo;2_5&#8243; _builder_version=&raquo;4.27.4&#8243; _module_preset=&raquo;default&raquo; global_colors_info=&raquo;{}&raquo;][\/et_pb_column][\/et_pb_row][et_pb_row _builder_version=&raquo;4.27.4&#8243; _module_preset=&raquo;default&raquo; custom_padding=&raquo;54px|||||&raquo; global_colors_info=&raquo;{}&raquo;][et_pb_column type=&raquo;4_4&#8243; _builder_version=&raquo;4.27.4&#8243; _module_preset=&raquo;default&raquo; global_colors_info=&raquo;{}&raquo;][et_pb_text _builder_version=&raquo;4.27.4&#8243; _module_preset=&raquo;default&raquo; global_colors_info=&raquo;{}&raquo;]<\/p>\n<h2><strong>Kontakt oss<\/strong><\/h2>\n<p>[\/et_pb_text][\/et_pb_column][\/et_pb_row][et_pb_row column_structure=&raquo;1_3,1_3,1_3&#8243; _builder_version=&raquo;4.27.4&#8243; _module_preset=&raquo;default&raquo; custom_padding=&raquo;1px|||||&raquo; global_colors_info=&raquo;{}&raquo;][et_pb_column type=&raquo;1_3&#8243; _builder_version=&raquo;4.27.4&#8243; _module_preset=&raquo;default&raquo; custom_padding=&raquo;24px|24px|24px|24px|false|false&raquo; border_radii=&raquo;on|8px|8px|8px|8px&raquo; border_width_all=&raquo;2px&raquo; global_colors_info=&raquo;{}&raquo;][et_pb_text _builder_version=&raquo;4.27.4&#8243; _module_preset=&raquo;default&raquo; global_colors_info=&raquo;{}&raquo;]<\/p>\n<p>Daglig leder: Asbj\u00f8rn Odin Aag<\/p>\n<p>E-post: <a href=\"mailto:lars@kublakan.no\">asbjorn@kublakan.no<\/a><\/p>\n<p>Telefon: 489 28 270<\/p>\n<p>[\/et_pb_text][\/et_pb_column][et_pb_column type=&raquo;1_3&#8243; _builder_version=&raquo;4.27.4&#8243; _module_preset=&raquo;default&raquo; custom_padding=&raquo;24px|24px|24px|24px|false|false&raquo; border_radii=&raquo;on|8px|8px|8px|8px&raquo; border_width_all=&raquo;2px&raquo; global_colors_info=&raquo;{}&raquo;][et_pb_text _builder_version=&raquo;4.27.4&#8243; _module_preset=&raquo;default&raquo; global_colors_info=&raquo;{}&raquo;]<\/p>\n<p>L\u00e6rer og fagansvarlig: Lars L\u00f8vstad<\/p>\n<p>E-post: <a href=\"mailto:lars@kublakan.no\">lars@kublakan.no<\/a><\/p>\n<p>Telefon: 932 86 154<\/p>\n<p>[\/et_pb_text][\/et_pb_column][et_pb_column type=&raquo;1_3&#8243; _builder_version=&raquo;4.27.4&#8243; _module_preset=&raquo;default&raquo; global_colors_info=&raquo;{}&raquo;][\/et_pb_column][\/et_pb_row][\/et_pb_section][et_pb_section fb_built=&raquo;1&#8243; admin_label=&raquo;Popup &#8211; #kontakt-lars-og-asbj-rn&raquo; module_id=&raquo;kontakt-lars-og-asbj-rn&raquo; module_class=&raquo;popup&raquo; _builder_version=&raquo;4.27.5&#8243; _module_preset=&raquo;default&raquo; da_is_popup=&raquo;on&raquo; da_popup_slug=&raquo;kontakt-lars-og-asbj-rn&raquo; da_disable_devices=&raquo;off|off|off&raquo; global_colors_info=&raquo;{}&raquo; da_exit_intent=&raquo;off&raquo; da_has_close=&raquo;on&raquo; da_alt_close=&raquo;off&raquo; da_dark_close=&raquo;off&raquo; da_not_modal=&raquo;on&raquo; da_is_singular=&raquo;off&raquo; da_with_loader=&raquo;off&raquo; da_has_shadow=&raquo;on&raquo;][et_pb_row _builder_version=&raquo;4.27.4&#8243; _module_preset=&raquo;default&raquo; custom_padding=&raquo;54px|||||&raquo; global_colors_info=&raquo;{}&raquo;][et_pb_column type=&raquo;4_4&#8243; _builder_version=&raquo;4.27.4&#8243; _module_preset=&raquo;default&raquo; global_colors_info=&raquo;{}&raquo;][et_pb_text _builder_version=&raquo;4.27.5&#8243; _module_preset=&raquo;default&raquo; header_2_font_size=&raquo;34px&raquo; global_colors_info=&raquo;{}&raquo;]<\/p>\n<h2><strong>Kontakt oss<\/strong><\/h2>\n<p>[\/et_pb_text][\/et_pb_column][\/et_pb_row][et_pb_row column_structure=&raquo;1_2,1_2&#8243; _builder_version=&raquo;4.27.5&#8243; _module_preset=&raquo;default&raquo; global_colors_info=&raquo;{}&raquo;][et_pb_column type=&raquo;1_2&#8243; _builder_version=&raquo;4.27.5&#8243; _module_preset=&raquo;default&raquo; background_color=&raquo;gcid-fd07b771-4509-4491-9e43-7eaecfb9fc18&#8243; custom_padding=&raquo;12px|24px|24px|24px|false|false&raquo; border_radii=&raquo;on|8px|8px|8px|8px&raquo; global_colors_info=&raquo;{%22gcid-fd07b771-4509-4491-9e43-7eaecfb9fc18%22:%91%22background_color%22%93}&raquo;][wpforms_selector form_id=&raquo;265054&#8243; _builder_version=&raquo;4.27.5&#8243; _module_preset=&raquo;default&raquo; global_colors_info=&raquo;{}&raquo;][\/wpforms_selector][\/et_pb_column][et_pb_column type=&raquo;1_2&#8243; _builder_version=&raquo;4.27.5&#8243; _module_preset=&raquo;default&raquo; global_colors_info=&raquo;{}&raquo;][et_pb_text _builder_version=&raquo;4.27.5&#8243; _module_preset=&raquo;default&raquo; header_4_line_height=&raquo;2em&raquo; custom_padding=&raquo;35px|||||&raquo; global_colors_info=&raquo;{}&raquo;]<\/p>\n<h4>Daglig leder<\/h4>\n<p>Asbj\u00f8rn Odin Aag<\/p>\n<p>E-post: <a href=\"mailto:lars@kublakan.no\">asbjorn@kublakan.no<\/a><\/p>\n<p>Telefon: 489 28 270<\/p>\n<p>[\/et_pb_text][et_pb_divider show_divider=&raquo;off&raquo; _builder_version=&raquo;4.27.5&#8243; _module_preset=&raquo;default&raquo; global_colors_info=&raquo;{}&raquo;][\/et_pb_divider][et_pb_text _builder_version=&raquo;4.27.5&#8243; _module_preset=&raquo;default&raquo; header_4_line_height=&raquo;2.2em&raquo; global_colors_info=&raquo;{}&raquo;]<\/p>\n<h4>L\u00e6rer og fagansvarlig<\/h4>\n<p>Lars L\u00f8vstad<\/p>\n<p>E-post: <a href=\"mailto:lars@kublakan.no\">lars@kublakan.no<\/a><\/p>\n<p>Telefon: 932 86 154<\/p>\n<p>[\/et_pb_text][\/et_pb_column][\/et_pb_row][\/et_pb_section]<\/p>\n","protected":false},"excerpt":{"rendered":"<p>Matematikk for ungdomsskolenMatematikk er et fag mange elever p\u00e5 ungdomsskolen synes er vanskelig. Andre har motsatt problem: De blir raskt ferdige med oppgavene de f\u00e5r p\u00e5 skolen og vil ha mer \u00e5 strekke seg etter. Fra h\u00f8sten 2026 tilbyr KublaKan et komplett opplegg i matematikk for ungdomsskolen. Her f\u00e5r dere grundige steg-for-steg-videoleksjoner\u00a0og individuell oppf\u00f8lging av [&hellip;]<\/p>\n","protected":false},"author":4,"featured_media":0,"comment_status":"closed","ping_status":"open","sticky":false,"template":"","format":"standard","meta":{"_et_pb_use_builder":"on","_et_pb_old_content":"","_et_gb_content_width":"1200","footnotes":""},"categories":[1],"tags":[],"class_list":["post-264916","post","type-post","status-publish","format-standard","hentry","category-uncategorized"],"yoast_head":"<!-- This site is optimized with the Yoast SEO Premium plugin v27.5 (Yoast SEO v27.5) - https:\/\/yoast.com\/product\/yoast-seo-premium-wordpress\/ -->\n<title>Matematikk for ungdomsskolen - KublaKan Utdanning<\/title>\n<meta name=\"robots\" content=\"index, follow, max-snippet:-1, max-image-preview:large, max-video-preview:-1\" \/>\n<link rel=\"canonical\" href=\"https:\/\/kublakanutdanning.no\/en\/matematikk-for-ungdomsskolen\/\" \/>\n<meta property=\"og:locale\" content=\"en_US\" \/>\n<meta property=\"og:type\" content=\"article\" \/>\n<meta property=\"og:title\" content=\"Matematikk for ungdomsskolen\" \/>\n<meta property=\"og:description\" content=\"Matematikk for ungdomsskolenMatematikk er et fag mange elever p\u00e5 ungdomsskolen synes er vanskelig. Andre har motsatt problem: De blir raskt ferdige med oppgavene de f\u00e5r p\u00e5 skolen og vil ha mer \u00e5 strekke seg etter. Fra h\u00f8sten 2026 tilbyr KublaKan et komplett opplegg i matematikk for ungdomsskolen. Her f\u00e5r dere grundige steg-for-steg-videoleksjoner\u00a0og individuell oppf\u00f8lging av [&hellip;]\" \/>\n<meta property=\"og:url\" content=\"https:\/\/kublakanutdanning.no\/en\/matematikk-for-ungdomsskolen\/\" \/>\n<meta property=\"og:site_name\" content=\"KublaKan Utdanning\" \/>\n<meta property=\"article:publisher\" content=\"https:\/\/www.facebook.com\/KublaKanUtdanning\/\" \/>\n<meta property=\"article:published_time\" content=\"2026-01-23T14:47:18+00:00\" \/>\n<meta property=\"article:modified_time\" content=\"2026-02-09T15:38:27+00:00\" \/>\n<meta name=\"author\" content=\"Elise B.\" \/>\n<meta name=\"twitter:card\" content=\"summary_large_image\" \/>\n<meta name=\"twitter:label1\" content=\"Written by\" \/>\n\t<meta name=\"twitter:data1\" content=\"Elise B.\" \/>\n<script type=\"application\/ld+json\" class=\"yoast-schema-graph\">{\"@context\":\"https:\\\/\\\/schema.org\",\"@graph\":[{\"@type\":\"Article\",\"@id\":\"https:\\\/\\\/kublakanutdanning.no\\\/matematikk-for-ungdomsskolen\\\/#article\",\"isPartOf\":{\"@id\":\"https:\\\/\\\/kublakanutdanning.no\\\/matematikk-for-ungdomsskolen\\\/\"},\"author\":{\"name\":\"Elise B.\",\"@id\":\"\\\/#\\\/schema\\\/person\\\/beca71c90427c1a87618178cd39fd2ef\"},\"headline\":\"Matematikk for ungdomsskolen\",\"datePublished\":\"2026-01-23T14:47:18+00:00\",\"dateModified\":\"2026-02-09T15:38:27+00:00\",\"mainEntityOfPage\":{\"@id\":\"https:\\\/\\\/kublakanutdanning.no\\\/matematikk-for-ungdomsskolen\\\/\"},\"wordCount\":2037,\"inLanguage\":\"en-US\"},{\"@type\":\"WebPage\",\"@id\":\"https:\\\/\\\/kublakanutdanning.no\\\/matematikk-for-ungdomsskolen\\\/\",\"url\":\"https:\\\/\\\/kublakanutdanning.no\\\/matematikk-for-ungdomsskolen\\\/\",\"name\":\"Matematikk for ungdomsskolen - KublaKan Utdanning\",\"isPartOf\":{\"@id\":\"\\\/#website\"},\"datePublished\":\"2026-01-23T14:47:18+00:00\",\"dateModified\":\"2026-02-09T15:38:27+00:00\",\"author\":{\"@id\":\"\\\/#\\\/schema\\\/person\\\/beca71c90427c1a87618178cd39fd2ef\"},\"breadcrumb\":{\"@id\":\"https:\\\/\\\/kublakanutdanning.no\\\/matematikk-for-ungdomsskolen\\\/#breadcrumb\"},\"inLanguage\":\"en-US\",\"potentialAction\":[{\"@type\":\"ReadAction\",\"target\":[\"https:\\\/\\\/kublakanutdanning.no\\\/matematikk-for-ungdomsskolen\\\/\"]}]},{\"@type\":\"BreadcrumbList\",\"@id\":\"https:\\\/\\\/kublakanutdanning.no\\\/matematikk-for-ungdomsskolen\\\/#breadcrumb\",\"itemListElement\":[{\"@type\":\"ListItem\",\"position\":1,\"name\":\"Home\",\"item\":\"https:\\\/\\\/kublakanutdanning.no\\\/\"},{\"@type\":\"ListItem\",\"position\":2,\"name\":\"Matematikk for ungdomsskolen\"}]},{\"@type\":\"WebSite\",\"@id\":\"\\\/#website\",\"url\":\"\\\/\",\"name\":\"KublaKan Utdanning\",\"description\":\"Nettundervisning for elever og privatister\",\"potentialAction\":[{\"@type\":\"SearchAction\",\"target\":{\"@type\":\"EntryPoint\",\"urlTemplate\":\"\\\/?s={search_term_string}\"},\"query-input\":{\"@type\":\"PropertyValueSpecification\",\"valueRequired\":true,\"valueName\":\"search_term_string\"}}],\"inLanguage\":\"en-US\"},{\"@type\":\"Person\",\"@id\":\"\\\/#\\\/schema\\\/person\\\/beca71c90427c1a87618178cd39fd2ef\",\"name\":\"Elise B.\",\"image\":{\"@type\":\"ImageObject\",\"inLanguage\":\"en-US\",\"@id\":\"https:\\\/\\\/secure.gravatar.com\\\/avatar\\\/a4267fc173c6de650c06e85205c3069c7a79a57571095bba3ee857168dbf6afc?s=96&d=mm&r=g\",\"url\":\"https:\\\/\\\/secure.gravatar.com\\\/avatar\\\/a4267fc173c6de650c06e85205c3069c7a79a57571095bba3ee857168dbf6afc?s=96&d=mm&r=g\",\"contentUrl\":\"https:\\\/\\\/secure.gravatar.com\\\/avatar\\\/a4267fc173c6de650c06e85205c3069c7a79a57571095bba3ee857168dbf6afc?s=96&d=mm&r=g\",\"caption\":\"Elise B.\"}}]}<\/script>\n<!-- \/ Yoast SEO Premium plugin. -->","yoast_head_json":{"title":"Matematikk for ungdomsskolen - KublaKan Utdanning","robots":{"index":"index","follow":"follow","max-snippet":"max-snippet:-1","max-image-preview":"max-image-preview:large","max-video-preview":"max-video-preview:-1"},"canonical":"https:\/\/kublakanutdanning.no\/en\/matematikk-for-ungdomsskolen\/","og_locale":"en_US","og_type":"article","og_title":"Matematikk for ungdomsskolen","og_description":"Matematikk for ungdomsskolenMatematikk er et fag mange elever p\u00e5 ungdomsskolen synes er vanskelig. Andre har motsatt problem: De blir raskt ferdige med oppgavene de f\u00e5r p\u00e5 skolen og vil ha mer \u00e5 strekke seg etter. Fra h\u00f8sten 2026 tilbyr KublaKan et komplett opplegg i matematikk for ungdomsskolen. Her f\u00e5r dere grundige steg-for-steg-videoleksjoner\u00a0og individuell oppf\u00f8lging av [&hellip;]","og_url":"https:\/\/kublakanutdanning.no\/en\/matematikk-for-ungdomsskolen\/","og_site_name":"KublaKan Utdanning","article_publisher":"https:\/\/www.facebook.com\/KublaKanUtdanning\/","article_published_time":"2026-01-23T14:47:18+00:00","article_modified_time":"2026-02-09T15:38:27+00:00","author":"Elise B.","twitter_card":"summary_large_image","twitter_misc":{"Written by":"Elise B."},"schema":{"@context":"https:\/\/schema.org","@graph":[{"@type":"Article","@id":"https:\/\/kublakanutdanning.no\/matematikk-for-ungdomsskolen\/#article","isPartOf":{"@id":"https:\/\/kublakanutdanning.no\/matematikk-for-ungdomsskolen\/"},"author":{"name":"Elise B.","@id":"\/#\/schema\/person\/beca71c90427c1a87618178cd39fd2ef"},"headline":"Matematikk for ungdomsskolen","datePublished":"2026-01-23T14:47:18+00:00","dateModified":"2026-02-09T15:38:27+00:00","mainEntityOfPage":{"@id":"https:\/\/kublakanutdanning.no\/matematikk-for-ungdomsskolen\/"},"wordCount":2037,"inLanguage":"en-US"},{"@type":"WebPage","@id":"https:\/\/kublakanutdanning.no\/matematikk-for-ungdomsskolen\/","url":"https:\/\/kublakanutdanning.no\/matematikk-for-ungdomsskolen\/","name":"Matematikk for ungdomsskolen - KublaKan Utdanning","isPartOf":{"@id":"\/#website"},"datePublished":"2026-01-23T14:47:18+00:00","dateModified":"2026-02-09T15:38:27+00:00","author":{"@id":"\/#\/schema\/person\/beca71c90427c1a87618178cd39fd2ef"},"breadcrumb":{"@id":"https:\/\/kublakanutdanning.no\/matematikk-for-ungdomsskolen\/#breadcrumb"},"inLanguage":"en-US","potentialAction":[{"@type":"ReadAction","target":["https:\/\/kublakanutdanning.no\/matematikk-for-ungdomsskolen\/"]}]},{"@type":"BreadcrumbList","@id":"https:\/\/kublakanutdanning.no\/matematikk-for-ungdomsskolen\/#breadcrumb","itemListElement":[{"@type":"ListItem","position":1,"name":"Home","item":"https:\/\/kublakanutdanning.no\/"},{"@type":"ListItem","position":2,"name":"Matematikk for ungdomsskolen"}]},{"@type":"WebSite","@id":"\/#website","url":"\/","name":"KublaKan Utdanning","description":"Nettundervisning for elever og privatister","potentialAction":[{"@type":"SearchAction","target":{"@type":"EntryPoint","urlTemplate":"\/?s={search_term_string}"},"query-input":{"@type":"PropertyValueSpecification","valueRequired":true,"valueName":"search_term_string"}}],"inLanguage":"en-US"},{"@type":"Person","@id":"\/#\/schema\/person\/beca71c90427c1a87618178cd39fd2ef","name":"Elise B.","image":{"@type":"ImageObject","inLanguage":"en-US","@id":"https:\/\/secure.gravatar.com\/avatar\/a4267fc173c6de650c06e85205c3069c7a79a57571095bba3ee857168dbf6afc?s=96&d=mm&r=g","url":"https:\/\/secure.gravatar.com\/avatar\/a4267fc173c6de650c06e85205c3069c7a79a57571095bba3ee857168dbf6afc?s=96&d=mm&r=g","contentUrl":"https:\/\/secure.gravatar.com\/avatar\/a4267fc173c6de650c06e85205c3069c7a79a57571095bba3ee857168dbf6afc?s=96&d=mm&r=g","caption":"Elise B."}}]}},"_links":{"self":[{"href":"https:\/\/kublakanutdanning.no\/en\/wp-json\/wp\/v2\/posts\/264916","targetHints":{"allow":["GET"]}}],"collection":[{"href":"https:\/\/kublakanutdanning.no\/en\/wp-json\/wp\/v2\/posts"}],"about":[{"href":"https:\/\/kublakanutdanning.no\/en\/wp-json\/wp\/v2\/types\/post"}],"author":[{"embeddable":true,"href":"https:\/\/kublakanutdanning.no\/en\/wp-json\/wp\/v2\/users\/4"}],"replies":[{"embeddable":true,"href":"https:\/\/kublakanutdanning.no\/en\/wp-json\/wp\/v2\/comments?post=264916"}],"version-history":[{"count":49,"href":"https:\/\/kublakanutdanning.no\/en\/wp-json\/wp\/v2\/posts\/264916\/revisions"}],"predecessor-version":[{"id":265555,"href":"https:\/\/kublakanutdanning.no\/en\/wp-json\/wp\/v2\/posts\/264916\/revisions\/265555"}],"wp:attachment":[{"href":"https:\/\/kublakanutdanning.no\/en\/wp-json\/wp\/v2\/media?parent=264916"}],"wp:term":[{"taxonomy":"category","embeddable":true,"href":"https:\/\/kublakanutdanning.no\/en\/wp-json\/wp\/v2\/categories?post=264916"},{"taxonomy":"post_tag","embeddable":true,"href":"https:\/\/kublakanutdanning.no\/en\/wp-json\/wp\/v2\/tags?post=264916"}],"curies":[{"name":"wp","href":"https:\/\/api.w.org\/{rel}","templated":true}]}}